{"id":6089,"date":"2025-02-27T12:24:02","date_gmt":"2025-02-27T15:24:02","guid":{"rendered":"https:\/\/panguipullinoticias.cl\/?p=6089"},"modified":"2025-02-27T12:29:41","modified_gmt":"2025-02-27T15:29:41","slug":"informan-inicio-de-ano-escolar-en-179-establecimientos-de-la-provincia","status":"publish","type":"post","link":"https:\/\/panguipullinoticias.cl\/?p=6089","title":{"rendered":"Informan inicio de a\u00f1o escolar en 179 establecimientos de la provincia"},"content":{"rendered":"<p>En cuenta regresiva para el inicio del a\u00f1o escolar se encuentra la comunidad educativa que desde la primera semana de marzo llegar\u00e1 a las aulas de la educaci\u00f3n preb\u00e1sica, b\u00e1sica y media de los 179 establecimientos dependientes del Servicio Local de Educaci\u00f3n P\u00fablica -SLEP- de Valdivia. Es as\u00ed como el inicio del a\u00f1o est\u00e1 fijado para el 03 de marzo, sin embargo, los estudiantes iniciar\u00e1n el nuevo periodo escolar a partir del 05 de marzo.<\/p>\n<p>Importante aclarar, que de acuerdo con el calendario escolar se contempla para el 05 de marzo el ingreso de ni\u00f1os y ni\u00f1as de los jardines infantiles que por primera vez se integran al sistema educacional, mientras que, para los m\u00e1s antiguos, el inicio de la jornada parvularia comienza el 07 del mismo mes.<\/p>\n<p>En tanto, que para los escolares de educaci\u00f3n b\u00e1sica y media el inicio de las clases est\u00e1 marcado para el 05 de marzo. Fechas que implican un calendario lleno de desaf\u00edos y oportunidades para los estudiantes, as\u00ed lo explic\u00f3 la subdirectora de la Unidad de Apoyo T\u00e9cnico Pedag\u00f3gico, del Servicio Local de Educaci\u00f3n P\u00fablica \u2013 SLEP- Valdivia, Ximena Valenzuela Ram\u00edrez.<\/p>\n<p>La subdirectora explic\u00f3 que \u201ccomo SLEP Valdivia estamos comprometidos con este inicio del a\u00f1o 2025. Sabemos y nos ponemos en la situaci\u00f3n de las familias que van a dejar por primera vez a sus beb\u00e9s a un jard\u00edn infantil, por primera vez a un ni\u00f1o a su nivel de transici\u00f3n, o lo que implica para un joven la incertidumbre de llegar a un liceo nuevo. Estamos tambi\u00e9n con esa incertidumbre de iniciar un proceso nuevo con el cual queremos expresar que nuestro foco es promover el bienestar de las comunidades educativas. Estamos comprometidos con el desaf\u00edo que esto implica y el trabajar con los proyectos educativos de cada establecimiento y comunidad, atendiendo sus particularidades, sus oportunidades y desaf\u00edos. Que tengamos un excelente inicio de a\u00f1o escolar, que promovamos la asistencia, la participaci\u00f3n y principalmente el bienestar y el autocuidado\u201d.<\/p>\n<p>Entre los datos duros, destaca que el SLEP Valdivia, tiene 135 establecimientos de educaci\u00f3n b\u00e1sica, media y t\u00e9cnica-profesional, 77 de ellos son establecimientos rurales, lo que implica un 57% del total.  A ello se suma los jardines infantiles dependientes de Servicio Local de Educaci\u00f3n P\u00fablica son 44.<\/p>\n<p>En relaci\u00f3n con el calendario escolar, el Ministerio de Educaci\u00f3n estableci\u00f3 las vacaciones de invierno en la regi\u00f3n de Los R\u00edos y particularmente la Provincia de Valdivia el lunes 23 de junio y finalizar\u00e1 el viernes 4 de julio, regresando a clases el lunes 7 de julio.<\/p>\n<p>Adem\u00e1s, el a\u00f1o escolar finalizar\u00e1 el 05 de diciembre para los establecimientos con jornada escolar completa; mientras que, para los colegios y liceos sin jornada escolar completa, el a\u00f1o escolar terminar\u00e1 el 19 de diciembre.<\/p>\n","protected":false},"excerpt":{"rendered":"<p>En cuenta regresiva para el inicio del a\u00f1o escolar se encuentra la comunidad educativa que desde la primera semana de marzo llegar\u00e1 a las aulas de la educaci\u00f3n preb\u00e1sica, b\u00e1sica&hellip;<\/p>\n","protected":false},"author":1,"featured_media":6090,"comment_status":"closed","ping_status":"closed","sticky":false,"template":"","format":"standard","meta":{"_jetpack_memberships_contains_paid_content":false,"footnotes":""},"categories":[1],"tags":[],"class_list":["post-6089","post","type-post","status-publish","format-standard","has-post-thumbnail","hentry","category-destacado"],"jetpack_featured_media_url":"https:\/\/i0.wp.com\/panguipullinoticias.cl\/wp-content\/uploads\/2025\/02\/escuela-cayumapu1-scaled.jpg?fit=2560%2C1845&ssl=1","jetpack_sharing_enabled":true,"_links":{"self":[{"href":"https:\/\/panguipullinoticias.cl\/index.php?rest_route=\/wp\/v2\/posts\/6089","targetHints":{"allow":["GET"]}}],"collection":[{"href":"https:\/\/panguipullinoticias.cl\/index.php?rest_route=\/wp\/v2\/posts"}],"about":[{"href":"https:\/\/panguipullinoticias.cl\/index.php?rest_route=\/wp\/v2\/types\/post"}],"author":[{"embeddable":true,"href":"https:\/\/panguipullinoticias.cl\/index.php?rest_route=\/wp\/v2\/users\/1"}],"replies":[{"embeddable":true,"href":"https:\/\/panguipullinoticias.cl\/index.php?rest_route=%2Fwp%2Fv2%2Fcomments&post=6089"}],"version-history":[{"count":0,"href":"https:\/\/panguipullinoticias.cl\/index.php?rest_route=\/wp\/v2\/posts\/6089\/revisions"}],"wp:featuredmedia":[{"embeddable":true,"href":"https:\/\/panguipullinoticias.cl\/index.php?rest_route=\/wp\/v2\/media\/6090"}],"wp:attachment":[{"href":"https:\/\/panguipullinoticias.cl\/index.php?rest_route=%2Fwp%2Fv2%2Fmedia&parent=6089"}],"wp:term":[{"taxonomy":"category","embeddable":true,"href":"https:\/\/panguipullinoticias.cl\/index.php?rest_route=%2Fwp%2Fv2%2Fcategories&post=6089"},{"taxonomy":"post_tag","embeddable":true,"href":"https:\/\/panguipullinoticias.cl\/index.php?rest_route=%2Fwp%2Fv2%2Ftags&post=6089"}],"curies":[{"name":"wp","href":"https:\/\/api.w.org\/{rel}","templated":true}]}}