{"id":6478,"date":"2025-05-29T11:28:08","date_gmt":"2025-05-29T15:28:08","guid":{"rendered":"https:\/\/panguipullinoticias.cl\/?p=6478"},"modified":"2025-05-29T11:28:08","modified_gmt":"2025-05-29T15:28:08","slug":"profesores-convocan-a-paro-nacional-de-48-horas-para-la-proxima-semana","status":"publish","type":"post","link":"https:\/\/panguipullinoticias.cl\/?p=6478","title":{"rendered":"Profesores convocan a paro nacional de 48 horas para la pr\u00f3xima semana"},"content":{"rendered":"<p>El Directorio Nacional del Colegio de Profesores de Chile convoc\u00f3 a un Paro Nacional de 48 horas para el mi\u00e9rcoles 4 y jueves 5 de junio. La medida responde a la \u201cinsuficiencia de respuestas concretas\u201d del Ministerio de Educaci\u00f3n a su petitorio de enero, denominado Agenda Corta, se\u00f1al\u00f3 el comunicado del magisterio.<\/p>\n<p>El gremio afirm\u00f3 que la postergaci\u00f3n de soluciones \u201cprofundiza la precarizaci\u00f3n laboral y la crisis del sistema educativo\u201c. Ante esto, ratific\u00f3 su decisi\u00f3n de movilizarse \u201ccon m\u00e1s fuerza\u201d para exigir \u201cmedidas efectivas y compromisos reales\u201d.<\/p>\n<p>Como parte de la protesta, los docentes realizar\u00e1n una marcha masiva en Valpara\u00edso. Se congregar\u00e1n frente al Congreso Nacional para exigir soluciones a los seis puntos de su Agenda Corta.<\/p>\n<p>En el texto, el Colegio detall\u00f3 sus exigencias.<\/p>\n<p>Una Nueva Ley de Titularidad que garantice estabilidad laboral y termine con la precarizaci\u00f3n contractual. Segundo, transparencia en la Carrera Docente y modificaciones que reduzcan la sobrecarga laboral.<\/p>\n<p>Traspasos en el Sistema de Educaci\u00f3n P\u00fablica (SLEP) sin deudas salariales o previsionales. Cuarto, reducir el agobio laboral eliminando tareas administrativas excesivas y reemplazos \u201cobligados y abusivos\u201d.<\/p>\n<p>D\u00eda del Profesor sin clases<\/p>\n<p>Fortalecer la funci\u00f3n del Profesor Jefe con mecanismos que la reconozcan. Y sexto, oficializar el D\u00eda del Profesor sin clases y calendarios escolares que respeten realidades regionales.<\/p>\n<p><img data-recalc-dims=\"1\" loading=\"lazy\" decoding=\"async\" src=\"https:\/\/i0.wp.com\/panguipullinoticias.cl\/wp-content\/uploads\/2025\/05\/GsEvM0XXsAErDcM.jpg?resize=640%2C1029&#038;ssl=1\" alt=\"\" width=\"640\" height=\"1029\" class=\"aligncenter size-full wp-image-6480\" srcset=\"https:\/\/i0.wp.com\/panguipullinoticias.cl\/wp-content\/uploads\/2025\/05\/GsEvM0XXsAErDcM.jpg?w=717&amp;ssl=1 717w, https:\/\/i0.wp.com\/panguipullinoticias.cl\/wp-content\/uploads\/2025\/05\/GsEvM0XXsAErDcM.jpg?resize=187%2C300&amp;ssl=1 187w, https:\/\/i0.wp.com\/panguipullinoticias.cl\/wp-content\/uploads\/2025\/05\/GsEvM0XXsAErDcM.jpg?resize=637%2C1024&amp;ssl=1 637w\" sizes=\"auto, (max-width: 640px) 100vw, 640px\" \/><\/p>\n","protected":false},"excerpt":{"rendered":"<p>El Directorio Nacional del Colegio de Profesores de Chile convoc\u00f3 a un Paro Nacional de 48 horas para el mi\u00e9rcoles 4 y jueves 5 de junio. La medida responde a&hellip;<\/p>\n","protected":false},"author":1,"featured_media":6479,"comment_status":"closed","ping_status":"closed","sticky":false,"template":"","format":"standard","meta":{"_jetpack_memberships_contains_paid_content":false,"footnotes":""},"categories":[1],"tags":[],"class_list":["post-6478","post","type-post","status-publish","format-standard","has-post-thumbnail","hentry","category-destacado"],"jetpack_featured_media_url":"https:\/\/i0.wp.com\/panguipullinoticias.cl\/wp-content\/uploads\/2025\/05\/profesores-paro.jpg?fit=906%2C500&ssl=1","jetpack_sharing_enabled":true,"_links":{"self":[{"href":"https:\/\/panguipullinoticias.cl\/index.php?rest_route=\/wp\/v2\/posts\/6478","targetHints":{"allow":["GET"]}}],"collection":[{"href":"https:\/\/panguipullinoticias.cl\/index.php?rest_route=\/wp\/v2\/posts"}],"about":[{"href":"https:\/\/panguipullinoticias.cl\/index.php?rest_route=\/wp\/v2\/types\/post"}],"author":[{"embeddable":true,"href":"https:\/\/panguipullinoticias.cl\/index.php?rest_route=\/wp\/v2\/users\/1"}],"replies":[{"embeddable":true,"href":"https:\/\/panguipullinoticias.cl\/index.php?rest_route=%2Fwp%2Fv2%2Fcomments&post=6478"}],"version-history":[{"count":0,"href":"https:\/\/panguipullinoticias.cl\/index.php?rest_route=\/wp\/v2\/posts\/6478\/revisions"}],"wp:featuredmedia":[{"embeddable":true,"href":"https:\/\/panguipullinoticias.cl\/index.php?rest_route=\/wp\/v2\/media\/6479"}],"wp:attachment":[{"href":"https:\/\/panguipullinoticias.cl\/index.php?rest_route=%2Fwp%2Fv2%2Fmedia&parent=6478"}],"wp:term":[{"taxonomy":"category","embeddable":true,"href":"https:\/\/panguipullinoticias.cl\/index.php?rest_route=%2Fwp%2Fv2%2Fcategories&post=6478"},{"taxonomy":"post_tag","embeddable":true,"href":"https:\/\/panguipullinoticias.cl\/index.php?rest_route=%2Fwp%2Fv2%2Ftags&post=6478"}],"curies":[{"name":"wp","href":"https:\/\/api.w.org\/{rel}","templated":true}]}}