{"id":6489,"date":"2025-05-30T12:45:55","date_gmt":"2025-05-30T16:45:55","guid":{"rendered":"https:\/\/panguipullinoticias.cl\/?p=6489"},"modified":"2025-05-30T12:45:55","modified_gmt":"2025-05-30T16:45:55","slug":"alejandro-reyes-asume-titularidad-como-seremi-de-seguridad-publica-de-los-rios","status":"publish","type":"post","link":"https:\/\/panguipullinoticias.cl\/?p=6489","title":{"rendered":"Alejandro Reyes asume titularidad como Seremi de Seguridad P\u00fablica de Los R\u00edos"},"content":{"rendered":"<p>Alejandro Reyes fue nombrado como Seremi de Seguridad P\u00fablica en la Regi\u00f3n de Los R\u00edos, cargo que era ocupado de manera interina por Christian Winter.<\/p>\n<p>Fue el 1 de abril cuando comenz\u00f3 a regir el Ministerio de Seguridad P\u00fablica, encabezado por el Ministro Luis Cordero. La finalidad de la instituci\u00f3n es liderar las pol\u00edticas y acciones del Estado en seguridad. En dicha instancia, se explic\u00f3 que el cargo ser\u00eda ocupado de manera interina. <\/p>\n<p>Es as\u00ed, como este viernes 30 de mayo se anunci\u00f3 que en Los R\u00edos el puesto de Seremi de Seguridad P\u00fablica ser\u00eda ocupado por Alejandro Reyes, quien se desempe\u00f1aba como Delegado Provincial Regional del Ranco desde el inicio del Gobierno del Presidente Gabriel Boric.<\/p>\n<p>Reyes fue Seremi de Justicia y Derechos Humanos de la Regi\u00f3n de los R\u00edos entre los a\u00f1os 2014 y 2018, durante la segunda administraci\u00f3n del Gobierno de la Presidenta Michelle Bachelet. Adem\u00e1s, ha ejercido profesionalmente como abogado del centro de la Mujer de la comuna de Lanco, provincia de Valdivia.<\/p>\n","protected":false},"excerpt":{"rendered":"<p>Alejandro Reyes fue nombrado como Seremi de Seguridad P\u00fablica en la Regi\u00f3n de Los R\u00edos, cargo que era ocupado de manera interina por Christian Winter. Fue el 1 de abril&hellip;<\/p>\n","protected":false},"author":1,"featured_media":6490,"comment_status":"closed","ping_status":"closed","sticky":false,"template":"","format":"standard","meta":{"_jetpack_memberships_contains_paid_content":false,"footnotes":""},"categories":[1],"tags":[],"class_list":["post-6489","post","type-post","status-publish","format-standard","has-post-thumbnail","hentry","category-destacado"],"jetpack_featured_media_url":"https:\/\/i0.wp.com\/panguipullinoticias.cl\/wp-content\/uploads\/2025\/05\/alejandro-reyes.jpg?fit=894%2C596&ssl=1","jetpack_sharing_enabled":true,"_links":{"self":[{"href":"https:\/\/panguipullinoticias.cl\/index.php?rest_route=\/wp\/v2\/posts\/6489","targetHints":{"allow":["GET"]}}],"collection":[{"href":"https:\/\/panguipullinoticias.cl\/index.php?rest_route=\/wp\/v2\/posts"}],"about":[{"href":"https:\/\/panguipullinoticias.cl\/index.php?rest_route=\/wp\/v2\/types\/post"}],"author":[{"embeddable":true,"href":"https:\/\/panguipullinoticias.cl\/index.php?rest_route=\/wp\/v2\/users\/1"}],"replies":[{"embeddable":true,"href":"https:\/\/panguipullinoticias.cl\/index.php?rest_route=%2Fwp%2Fv2%2Fcomments&post=6489"}],"version-history":[{"count":0,"href":"https:\/\/panguipullinoticias.cl\/index.php?rest_route=\/wp\/v2\/posts\/6489\/revisions"}],"wp:featuredmedia":[{"embeddable":true,"href":"https:\/\/panguipullinoticias.cl\/index.php?rest_route=\/wp\/v2\/media\/6490"}],"wp:attachment":[{"href":"https:\/\/panguipullinoticias.cl\/index.php?rest_route=%2Fwp%2Fv2%2Fmedia&parent=6489"}],"wp:term":[{"taxonomy":"category","embeddable":true,"href":"https:\/\/panguipullinoticias.cl\/index.php?rest_route=%2Fwp%2Fv2%2Fcategories&post=6489"},{"taxonomy":"post_tag","embeddable":true,"href":"https:\/\/panguipullinoticias.cl\/index.php?rest_route=%2Fwp%2Fv2%2Ftags&post=6489"}],"curies":[{"name":"wp","href":"https:\/\/api.w.org\/{rel}","templated":true}]}}