{"id":6937,"date":"2025-09-29T19:17:05","date_gmt":"2025-09-29T22:17:05","guid":{"rendered":"https:\/\/panguipullinoticias.cl\/?p=6937"},"modified":"2025-09-29T19:21:33","modified_gmt":"2025-09-29T22:21:33","slug":"cuantiosos-danos-deja-incendio-en-vivienda-frente-a-carabineros-de-panguipulli","status":"publish","type":"post","link":"https:\/\/panguipullinoticias.cl\/?p=6937","title":{"rendered":"Cuantiosos da\u00f1os deja incendio en vivienda frente a Carabineros de Panguipulli"},"content":{"rendered":"<p>Un incendio de grandes proporciones afect\u00f3 durante la tarde de este lunes, a un inmueble de dos pisos -de material ligero- ubicado en calle Juan Pablo II, frente a Carabineros de Panguipulli. <\/p>\n<p>El hecho dej\u00f3 como saldo una persona lesionada, otra con s\u00edntomas de intoxicaci\u00f3n por inhalaci\u00f3n de humo, adem\u00e1s de tres damnificados que perdieron la totalidad de sus enseres. Las p\u00e9rdidas materiales fueron catalogadas como de alta consideraci\u00f3n.<\/p>\n<p>La emergencia se declar\u00f3 pasadas las 14 horas, momento en que la Central de alarmas del Cuerpo de Bomberos, despach\u00f3 varias compa\u00f1\u00edas hasta el lugar, temiendo la propagaci\u00f3n a otras casas.<\/p>\n<p>Desde distintos puntos de la ciudad fue posible observar una densa columna de humo gris, signo evidente de la magnitud del fuego que r\u00e1pidamente alcanz\u00f3 fase de libre combusti\u00f3n.<\/p>\n<p>En paralelo, personal de salud asisti\u00f3 a los afectados, uno de los cuales sufri\u00f3 lesiones menores mientras que otro present\u00f3 intoxicaci\u00f3n por humo. Ambos fueron derivados a un centro asistencial para su evaluaci\u00f3n m\u00e9dica.<\/p>\n<p>Respecto al origen del incendio, las causas se encuentran bajo investigaci\u00f3n por parte de personal especializado, mientras Bomberos trabaja en la remoci\u00f3n de escombros y la evaluaci\u00f3n de riesgos estructurales en el inmueble afectado. Finalmente, autoridades locales comprometieron el apoyo social y t\u00e9cnico a las familias y comerciantes perjudicados por la emergencia.<\/p>\n","protected":false},"excerpt":{"rendered":"<p>Un incendio de grandes proporciones afect\u00f3 durante la tarde de este lunes, a un inmueble de dos pisos -de material ligero- ubicado en calle Juan Pablo II, frente a Carabineros&hellip;<\/p>\n","protected":false},"author":1,"featured_media":6938,"comment_status":"closed","ping_status":"closed","sticky":false,"template":"","format":"standard","meta":{"_jetpack_memberships_contains_paid_content":false,"footnotes":""},"categories":[1],"tags":[],"class_list":["post-6937","post","type-post","status-publish","format-standard","has-post-thumbnail","hentry","category-destacado"],"jetpack_featured_media_url":"https:\/\/i0.wp.com\/panguipullinoticias.cl\/wp-content\/uploads\/2025\/09\/IMG_20250929_143706-fotor-enhance-20250929143759-scaled.jpg?fit=2560%2C1521&ssl=1","jetpack_sharing_enabled":true,"_links":{"self":[{"href":"https:\/\/panguipullinoticias.cl\/index.php?rest_route=\/wp\/v2\/posts\/6937","targetHints":{"allow":["GET"]}}],"collection":[{"href":"https:\/\/panguipullinoticias.cl\/index.php?rest_route=\/wp\/v2\/posts"}],"about":[{"href":"https:\/\/panguipullinoticias.cl\/index.php?rest_route=\/wp\/v2\/types\/post"}],"author":[{"embeddable":true,"href":"https:\/\/panguipullinoticias.cl\/index.php?rest_route=\/wp\/v2\/users\/1"}],"replies":[{"embeddable":true,"href":"https:\/\/panguipullinoticias.cl\/index.php?rest_route=%2Fwp%2Fv2%2Fcomments&post=6937"}],"version-history":[{"count":0,"href":"https:\/\/panguipullinoticias.cl\/index.php?rest_route=\/wp\/v2\/posts\/6937\/revisions"}],"wp:featuredmedia":[{"embeddable":true,"href":"https:\/\/panguipullinoticias.cl\/index.php?rest_route=\/wp\/v2\/media\/6938"}],"wp:attachment":[{"href":"https:\/\/panguipullinoticias.cl\/index.php?rest_route=%2Fwp%2Fv2%2Fmedia&parent=6937"}],"wp:term":[{"taxonomy":"category","embeddable":true,"href":"https:\/\/panguipullinoticias.cl\/index.php?rest_route=%2Fwp%2Fv2%2Fcategories&post=6937"},{"taxonomy":"post_tag","embeddable":true,"href":"https:\/\/panguipullinoticias.cl\/index.php?rest_route=%2Fwp%2Fv2%2Ftags&post=6937"}],"curies":[{"name":"wp","href":"https:\/\/api.w.org\/{rel}","templated":true}]}}