{"id":6959,"date":"2025-10-14T16:49:38","date_gmt":"2025-10-14T19:49:38","guid":{"rendered":"https:\/\/panguipullinoticias.cl\/?p=6959"},"modified":"2025-10-14T16:49:38","modified_gmt":"2025-10-14T19:49:38","slug":"gobierno-de-los-rios-ha-recibido-requerimientos-de-informacion-de-la-fiscalia-regional","status":"publish","type":"post","link":"https:\/\/panguipullinoticias.cl\/?p=6959","title":{"rendered":"Gobierno de Los R\u00edos ha recibido requerimientos de informaci\u00f3n de la Fiscal\u00eda Regional"},"content":{"rendered":"<p>Frente a la denuncia difundida por un medio de comunicaci\u00f3n nacional, que involucra a una exjefatura correspondiente al periodo anterior a la gesti\u00f3n del Gobernador Regional Luis Cuvertino, el Gobierno Regional de Los R\u00edos informa que ha recibido requerimientos de informaci\u00f3n de la Fiscal\u00eda Regional, en el marco de una investigaci\u00f3n por presunto fraude de subvenciones y otros delitos.<\/p>\n<p>La instituci\u00f3n ha entregado todos los antecedentes solicitados y ha colaborado activamente con las diligencias, reafirmando su total disposici\u00f3n a que los hechos sean esclarecidos. Paralelamente, se instruy\u00f3 una investigaci\u00f3n sumaria interna para revisar el proceso del Fondo Vida en Comunidad 2025, con el fin de detectar eventuales irregularidades y establecer responsabilidades.<\/p>\n<p>El Gobierno Regional ser\u00e1 riguroso y firme en la fiscalizaci\u00f3n interna, pues considera el cumplimiento de la ley y la probidad como principios intransables. En caso de comprobarse faltas o vicios administrativos, estos ser\u00e1n sancionados con toda la severidad que la normativa permite, sin excepciones ni contemplaciones.<\/p>\n<p>La instituci\u00f3n expresa su profunda preocupaci\u00f3n y rechazo ante hechos que podr\u00edan implicar el uso indebido de recursos p\u00fablicos o el abuso de posiciones de privilegio dentro de la administraci\u00f3n estatal, conductas que atentan directamente contra la confianza ciudadana y la integridad del servicio p\u00fablico.<\/p>\n<p>Este nuevo antecedente se suma al caso del exjefe de la Divisi\u00f3n de Fomento e Industrias, ocurrido bajo la administraci\u00f3n del exintendente C\u00e9sar Asenjo, actualmente formalizado por fraude al fisco, lo que refuerza la gravedad de la situaci\u00f3n y evidencia la posible existencia de pr\u00e1cticas de corrupci\u00f3n en la administraci\u00f3n anterior.<\/p>\n","protected":false},"excerpt":{"rendered":"<p>Frente a la denuncia difundida por un medio de comunicaci\u00f3n nacional, que involucra a una exjefatura correspondiente al periodo anterior a la gesti\u00f3n del Gobernador Regional Luis Cuvertino, el Gobierno&hellip;<\/p>\n","protected":false},"author":1,"featured_media":2497,"comment_status":"closed","ping_status":"closed","sticky":false,"template":"","format":"standard","meta":{"_jetpack_memberships_contains_paid_content":false,"footnotes":""},"categories":[1],"tags":[],"class_list":["post-6959","post","type-post","status-publish","format-standard","has-post-thumbnail","hentry","category-destacado"],"jetpack_featured_media_url":"https:\/\/i0.wp.com\/panguipullinoticias.cl\/wp-content\/uploads\/2023\/08\/gobernador-cuvertino.png?fit=1033%2C576&ssl=1","jetpack_sharing_enabled":true,"_links":{"self":[{"href":"https:\/\/panguipullinoticias.cl\/index.php?rest_route=\/wp\/v2\/posts\/6959","targetHints":{"allow":["GET"]}}],"collection":[{"href":"https:\/\/panguipullinoticias.cl\/index.php?rest_route=\/wp\/v2\/posts"}],"about":[{"href":"https:\/\/panguipullinoticias.cl\/index.php?rest_route=\/wp\/v2\/types\/post"}],"author":[{"embeddable":true,"href":"https:\/\/panguipullinoticias.cl\/index.php?rest_route=\/wp\/v2\/users\/1"}],"replies":[{"embeddable":true,"href":"https:\/\/panguipullinoticias.cl\/index.php?rest_route=%2Fwp%2Fv2%2Fcomments&post=6959"}],"version-history":[{"count":0,"href":"https:\/\/panguipullinoticias.cl\/index.php?rest_route=\/wp\/v2\/posts\/6959\/revisions"}],"wp:featuredmedia":[{"embeddable":true,"href":"https:\/\/panguipullinoticias.cl\/index.php?rest_route=\/wp\/v2\/media\/2497"}],"wp:attachment":[{"href":"https:\/\/panguipullinoticias.cl\/index.php?rest_route=%2Fwp%2Fv2%2Fmedia&parent=6959"}],"wp:term":[{"taxonomy":"category","embeddable":true,"href":"https:\/\/panguipullinoticias.cl\/index.php?rest_route=%2Fwp%2Fv2%2Fcategories&post=6959"},{"taxonomy":"post_tag","embeddable":true,"href":"https:\/\/panguipullinoticias.cl\/index.php?rest_route=%2Fwp%2Fv2%2Ftags&post=6959"}],"curies":[{"name":"wp","href":"https:\/\/api.w.org\/{rel}","templated":true}]}}