{"id":7657,"date":"2026-09-04T12:52:24","date_gmt":"2026-09-04T16:52:24","guid":{"rendered":"https:\/\/panguipullinoticias.cl\/?p=7657"},"modified":"2026-09-04T12:52:24","modified_gmt":"2026-09-04T16:52:24","slug":"corporacion-de-adelanto-amigos-de-panguipulli-presenta-su-cartelera-de-eventos-para-septiembre","status":"publish","type":"post","link":"https:\/\/panguipullinoticias.cl\/?p=7657","title":{"rendered":"Corporaci\u00f3n de Adelanto Amigos de Panguipulli presenta su cartelera de eventos para septiembre"},"content":{"rendered":"<p>Panguipulli inicia septiembre con conciertos gratuitos en el Teatro Educativo de las Artes. El viernes 4, a las 19:00 horas, se presenta \u00abLa M\u00fasica nos cuenta\u00bb, de la Orquesta EntreMonta\u00f1as dirigida por Felipe Alvarado, por el aniversario del programa Vive la M\u00fasica. Entrada liberada.<\/p>\n<p>El s\u00e1bado 5, a las 19:00 horas, el Recital Folcl\u00f3rico de Trinos Urbanos del Banco BCI presenta m\u00fasica del norte y centro del pa\u00eds, junto a un nuevo cuadro sobre Valpara\u00edso; entrada liberada. El mi\u00e9rcoles 9, a las 11:00 horas, el Taller Acordeones Bach ofrece una funci\u00f3n de Frecuencia Aprendo para estudiantes de la comuna.<\/p>\n<p>El jueves 10, a las 18:00 horas, la Cartelera Familiar proyecta \u00abEl Agente Topo\u00bb, documental de 2020 dirigido por Maite Alberdi, protagonizado por Sergio Chamy, de 83 a\u00f1os, quien se infiltra en una residencia de adultos mayores para retratar la vejez y la soledad. Valor: $1.000.<\/p>\n<p>El jueves 17, a las 19:00 horas, la 2\u00aa Minga Musical \u00abIdentidad y Tradici\u00f3n\u00bb re\u00fane a artistas de Panguipulli con m\u00fasica andina, chilota y huasa; valor $3.000. El s\u00e1bado 19, \u00ab20 a\u00f1os de un sue\u00f1o\u00bb, dirigido por Lucas Sep\u00falveda C\u00e1rdenas, celebra el aniversario de Vive la M\u00fasica con repertorio de pel\u00edculas; entrada liberada.<\/p>\n<p>El mi\u00e9rcoles 23, a las 19:00 horas, la Banda Sinf\u00f3nica Vive la M\u00fasica, dirigida por Lucas Sep\u00falveda C\u00e1rdenas, interpreta m\u00fasica de cine y Disney; entrada liberada. El mi\u00e9rcoles 30, la Orquesta de Cuerdas cierra el semestre con obras de Sibelius, Mozart, Corelli y Purcell; entrada liberada. Apoyan la Municipalidad de Panguipulli, Banco BCI, Fundaci\u00f3n Olivo, Fundaci\u00f3n Huilo Huilo y el Ministerio de las Culturas, las Artes y el Patrimonio.<\/p>\n","protected":false},"excerpt":{"rendered":"<p>Panguipulli inicia septiembre con conciertos gratuitos en el Teatro Educativo de las Artes. El viernes 4, a las 19:00 horas, se presenta \u00abLa M\u00fasica nos cuenta\u00bb, de la Orquesta EntreMonta\u00f1as&hellip;<\/p>\n","protected":false},"author":1,"featured_media":657,"comment_status":"closed","ping_status":"closed","sticky":false,"template":"","format":"standard","meta":{"_jetpack_newsletter_access":"","_jetpack_dont_email_post_to_subs":false,"_jetpack_newsletter_tier_id":0,"_jetpack_memberships_contains_paywalled_content":false,"_jetpack_feature_clip_id":0,"_jetpack_memberships_contains_paid_content":false,"footnotes":"","jetpack_post_was_ever_published":false},"categories":[5,1],"tags":[],"class_list":["post-7657","post","type-post","status-publish","format-standard","has-post-thumbnail","hentry","category-cultura","category-destacado"],"jetpack_sharing_enabled":true,"jetpack_featured_media_url":"https:\/\/i0.wp.com\/panguipullinoticias.cl\/wp-content\/uploads\/2022\/11\/teatro2-scaled.jpg?fit=2560%2C1662&ssl=1","_links":{"self":[{"href":"https:\/\/panguipullinoticias.cl\/index.php?rest_route=\/wp\/v2\/posts\/7657","targetHints":{"allow":["GET"]}}],"collection":[{"href":"https:\/\/panguipullinoticias.cl\/index.php?rest_route=\/wp\/v2\/posts"}],"about":[{"href":"https:\/\/panguipullinoticias.cl\/index.php?rest_route=\/wp\/v2\/types\/post"}],"author":[{"embeddable":true,"href":"https:\/\/panguipullinoticias.cl\/index.php?rest_route=\/wp\/v2\/users\/1"}],"replies":[{"embeddable":true,"href":"https:\/\/panguipullinoticias.cl\/index.php?rest_route=%2Fwp%2Fv2%2Fcomments&post=7657"}],"version-history":[{"count":1,"href":"https:\/\/panguipullinoticias.cl\/index.php?rest_route=\/wp\/v2\/posts\/7657\/revisions"}],"predecessor-version":[{"id":7658,"href":"https:\/\/panguipullinoticias.cl\/index.php?rest_route=\/wp\/v2\/posts\/7657\/revisions\/7658"}],"wp:featuredmedia":[{"embeddable":true,"href":"https:\/\/panguipullinoticias.cl\/index.php?rest_route=\/wp\/v2\/media\/657"}],"wp:attachment":[{"href":"https:\/\/panguipullinoticias.cl\/index.php?rest_route=%2Fwp%2Fv2%2Fmedia&parent=7657"}],"wp:term":[{"taxonomy":"category","embeddable":true,"href":"https:\/\/panguipullinoticias.cl\/index.php?rest_route=%2Fwp%2Fv2%2Fcategories&post=7657"},{"taxonomy":"post_tag","embeddable":true,"href":"https:\/\/panguipullinoticias.cl\/index.php?rest_route=%2Fwp%2Fv2%2Ftags&post=7657"}],"curies":[{"name":"wp","href":"https:\/\/api.w.org\/{rel}","templated":true}]}}